{"id":3914,"date":"2025-08-18T15:13:23","date_gmt":"2025-08-18T13:13:23","guid":{"rendered":"https:\/\/www.lyonexpo.fr\/?p=3914"},"modified":"2025-08-18T15:25:02","modified_gmt":"2025-08-18T13:25:02","slug":"lyonexpo-exhibition-stand-design-and-build-services-across-rhone-alpes","status":"publish","type":"post","link":"https:\/\/www.lyonexpo.fr\/en\/2025\/08\/18\/lyonexpo-exhibition-stand-design-and-build-services-across-rhone-alpes\/","title":{"rendered":"LyonExpo: Exhibition Stand Design and Build Services Across Rh\u00f4ne-Alpes"},"content":{"rendered":"<div class=\"wpb-content-wrapper\"><p>[vc_row][vc_column][vc_column_text css=&#8221;&#8221;]<\/p>\n<p style=\"text-align: center;\"><strong>When you exhibit at a professional fair or congress, your stand is the first impression visitors get of your brand. A well-designed stand attracts, engages, and converts prospects into clients. At LyonExpo, we specialize in custom exhibition stand design in Lyon and Rh\u00f4ne-Alpes, creating tailor-made solutions that make you stand out in the busiest venues. <\/strong><\/p>\n<p>Whether you\u2019re preparing for Eurexpo Lyon, the Centre de Congr\u00e8s de Lyon, or major events in Grenoble, Chamb\u00e9ry, Saint-\u00c9tienne, M\u00e2con, or Valence, our team ensures you have a stand that fits both your brand and the technical requirements of each space.[\/vc_column_text][\/vc_column][\/vc_row][vc_row][vc_column width=&#8221;1\/2&#8243;][vc_column_text css=&#8221;&#8221;]Whether you\u2019re preparing for Eurexpo Lyon, the Centre de Congr\u00e8s de Lyon, or major events in Grenoble, Chamb\u00e9ry, Saint-\u00c9tienne, M\u00e2con, or Valence, our team ensures you have a stand that fits both your brand and the technical requirements of each space.<\/p>\n<h3>Exhibition Stand Design in Lyon and Beyond<\/h3>\n<p>As a local stand builder in Lyon, we have in-depth knowledge of the region\u2019s main venues. From the vast halls of Eurexpo Lyon in Chassieu to the prestigious Centre de Congr\u00e8s de Lyon at the Cit\u00e9 Internationale, we adapt each project to its environment. We regularly design and install creative stands at Double Mixte in Villeurbanne, Espace T\u00eate d\u2019Or in the heart of the 6th arrondissement, and even within the event lounges at Groupama Stadium in D\u00e9cines-Charpieu. Our local expertise allows us to anticipate the constraints of each site and offer solutions that work perfectly, no matter the scale of your event.[\/vc_column_text][\/vc_column][vc_column width=&#8221;1\/2&#8243;][vc_column_text css=&#8221;&#8221;]<\/p>\n<h3>Stand Builders for Salons Professionnels Across Rh\u00f4ne-Alpes<\/h3>\n<p>Our reach extends far beyond Lyon, covering every major exhibition centre in Auvergne-Rh\u00f4ne-Alpes:<\/p>\n<p><b>North: Beaujolais &#038; Bourgogne<\/b><\/p>\n<ul>\n<li><b><\/b>PARCEXPO Villefranche-sur-Sa\u00f4ne<\/li>\n<li>Ainterexpo (Bourg-en-Bresse)<\/li>\n<li>M\u00e2con \u00c9v\u00e9nements<\/li>\n<li>Le Scarab\u00e9e (Roanne)<b><\/b><\/li>\n<\/ul>\n<p><b>West: Loire &#038; Saint-\u00c9tienne<\/b><\/p>\n<ul>\n<li><b><\/b>Centre de Congr\u00e8s Fauriel<\/li>\n<li>Parc Expo Saint-\u00c9tienne<\/li>\n<\/ul>\n<p><b>East: Savoie &#038; Ain<\/b><\/p>\n<ul>\n<li><b><\/b>Savoiexpo (Chamb\u00e9ry)<\/li>\n<li>Le Phare (Chamb\u00e9ry)<b><\/b><\/li>\n<\/ul>\n<p><b>South: Is\u00e8re &#038; Dr\u00f4me<\/b><\/p>\n<ul>\n<li><b><\/b>Alpexpo (Grenoble)<\/li>\n<li>World Trade Center Grenoble<\/li>\n<li>Palais des Congr\u00e8s et des Expositions Jacques Chirac (Valence)<\/li>\n<li>O Lac \u2013 Palais des Congr\u00e8s Sud Rh\u00f4ne-Alpes (Ch\u00e2teauneuf-sur-Is\u00e8re)<\/li>\n<\/ul>\n<p>[\/vc_column_text][\/vc_column][\/vc_row][vc_row][vc_column][vc_column_text css=&#8221;&#8221;]<\/p>\n<h3>Why Companies Choose LyonExpo<\/h3>\n<p>Companies choose LyonExpo because we combine local expertise with creativity and reliability. As a stand builder based in Lyon, we know the technical standards and logistical requirements of every major exhibition venue in the region. Our team delivers custom designs that reflect each client\u2019s brand image, while offering a turnkey service that covers everything from design to construction, transport, installation, and dismantling. With our regional coverage, we support exhibitors not only in Lyon but also in Grenoble, Chamb\u00e9ry, Saint-\u00c9tienne, Valence, and across the wider Rh\u00f4ne-Alpes area.[\/vc_column_text][vc_column_text css=&#8221;&#8221;]<\/p>\n<h3>Boost Your Visibility at Salons Professionnels<\/h3>\n<p>Preparing for a trade fair or congress in Rh\u00f4ne-Alpes? Whether it\u2019s Industrie Lyon at Eurexpo, a corporate event in Saint-\u00c9tienne, or a medical congress in Grenoble, LyonExpo ensures you have a high-impact stand that attracts attention and delivers results.<\/p>\n<p>\ud83d\udc49 <strong>Contact LyonExpo today<\/strong> to discuss your next exhibition stand design project in Lyon, Rh\u00f4ne-Alpes, or anywhere in France.[\/vc_column_text][\/vc_column][\/vc_row]<\/p>\n<\/div>","protected":false},"excerpt":{"rendered":"<p>LyonExpo designs and builds custom exhibition stands in Lyon, Grenoble, Chamb\u00e9ry, Saint-\u00c9tienne, Valence, and across Rh\u00f4ne-Alpes.<\/p>\n","protected":false},"author":1,"featured_media":3915,"comment_status":"closed","ping_status":"closed","sticky":false,"template":"","format":"standard","meta":{"footnotes":""},"categories":[62,78,47,51],"tags":[],"class_list":["post-3914","post","type-post","status-publish","format-standard","has-post-thumbnail","hentry","category-lyon","category-standiste-lyon","category-stand-design","category-trade-shows","category-62","category-78","category-47","category-51","description-off"],"_links":{"self":[{"href":"https:\/\/www.lyonexpo.fr\/en\/wp-json\/wp\/v2\/posts\/3914","targetHints":{"allow":["GET"]}}],"collection":[{"href":"https:\/\/www.lyonexpo.fr\/en\/wp-json\/wp\/v2\/posts"}],"about":[{"href":"https:\/\/www.lyonexpo.fr\/en\/wp-json\/wp\/v2\/types\/post"}],"author":[{"embeddable":true,"href":"https:\/\/www.lyonexpo.fr\/en\/wp-json\/wp\/v2\/users\/1"}],"replies":[{"embeddable":true,"href":"https:\/\/www.lyonexpo.fr\/en\/wp-json\/wp\/v2\/comments?post=3914"}],"version-history":[{"count":8,"href":"https:\/\/www.lyonexpo.fr\/en\/wp-json\/wp\/v2\/posts\/3914\/revisions"}],"predecessor-version":[{"id":3923,"href":"https:\/\/www.lyonexpo.fr\/en\/wp-json\/wp\/v2\/posts\/3914\/revisions\/3923"}],"wp:featuredmedia":[{"embeddable":true,"href":"https:\/\/www.lyonexpo.fr\/en\/wp-json\/wp\/v2\/media\/3915"}],"wp:attachment":[{"href":"https:\/\/www.lyonexpo.fr\/en\/wp-json\/wp\/v2\/media?parent=3914"}],"wp:term":[{"taxonomy":"category","embeddable":true,"href":"https:\/\/www.lyonexpo.fr\/en\/wp-json\/wp\/v2\/categories?post=3914"},{"taxonomy":"post_tag","embeddable":true,"href":"https:\/\/www.lyonexpo.fr\/en\/wp-json\/wp\/v2\/tags?post=3914"}],"curies":[{"name":"wp","href":"https:\/\/api.w.org\/{rel}","templated":true}]}}